{"id":7269,"date":"2020-11-04T13:29:55","date_gmt":"2020-11-04T12:29:55","guid":{"rendered":"https:\/\/billroth73.at\/?p=7269"},"modified":"2020-11-04T13:29:55","modified_gmt":"2020-11-04T12:29:55","slug":"gratulation-an-max-janka-zu-seiner-ausgezeichneten-und-praemierten-vwa","status":"publish","type":"post","link":"https:\/\/billroth73.at\/index.php\/2020\/11\/04\/gratulation-an-max-janka-zu-seiner-ausgezeichneten-und-praemierten-vwa\/","title":{"rendered":"Gratulation an Max Janka zu seiner ausgezeichneten und pr\u00e4mierten VWA"},"content":{"rendered":"<p>[vc_row][vc_column width=&#8220;2\/3&#8243;][vc_column_text]<strong>Max Jankas VWA<\/strong> \u201ePressezensur in \u00d6sterreich \u2013 Ein Vergleich zwischen den Jahren 1848 und 2018&#8243; wurde im Rahmen des <strong>VWA-Wettbewerbs Politische Bildung<\/strong> von der KPH Wien\/Krems <strong>ausgezeichnet und pr\u00e4miert<\/strong>.<\/p>\n<p>Wir hoffen nat\u00fcrlich, dass diese <strong>gro\u00dfartige Auszeichnung<\/strong> auch weitere Sch\u00fclerinnen und Sch\u00fcler dazu <strong>motiviert, das Beste auch sich herauszuholen<\/strong>.<\/p>\n<p><strong>Gratulation und gro\u00dfes Lob an Max Janka!<\/strong> Betreut wurde seine Arbeit von <strong>Herrn Prof. Thomas Knob<\/strong>.[\/vc_column_text][vc_empty_space][vc_row_inner][vc_column_inner][vc_single_image image=&#8220;7271&#8243; img_size=&#8220;large&#8220;][\/vc_column_inner][\/vc_row_inner][\/vc_column][vc_column width=&#8220;1\/3&#8243;][vc_single_image image=&#8220;7270&#8243; img_size=&#8220;full&#8220;][\/vc_column][\/vc_row]<\/p>\n","protected":false},"excerpt":{"rendered":"<p>[vc_row][vc_column width=&#8220;2\/3&#8243;][vc_column_text]Max Jankas VWA \u201ePressezensur in \u00d6sterreich \u2013 Ein Vergleich zwischen den Jahren 1848 und 2018&#8243; wurde im Rahmen des VWA-Wettbewerbs Politische Bildung von der KPH Wien\/Krems ausgezeichnet und pr\u00e4miert. Wir hoffen nat\u00fcrlich, dass diese gro\u00dfartige Auszeichnung auch weitere Sch\u00fclerinnen und Sch\u00fcler dazu motiviert, das Beste auch sich herauszuholen. Gratulation und gro\u00dfes Lob an Max&hellip;<\/p>\n","protected":false},"author":10,"featured_media":7270,"comment_status":"closed","ping_status":"closed","sticky":false,"template":"","format":"standard","meta":{"footnotes":"","_links_to":"","_links_to_target":""},"categories":[1],"tags":[],"class_list":["post-7269","post","type-post","status-publish","format-standard","has-post-thumbnail","hentry","category-allgemein","category-1","description-off"],"_links":{"self":[{"href":"https:\/\/billroth73.at\/index.php\/wp-json\/wp\/v2\/posts\/7269","targetHints":{"allow":["GET"]}}],"collection":[{"href":"https:\/\/billroth73.at\/index.php\/wp-json\/wp\/v2\/posts"}],"about":[{"href":"https:\/\/billroth73.at\/index.php\/wp-json\/wp\/v2\/types\/post"}],"author":[{"embeddable":true,"href":"https:\/\/billroth73.at\/index.php\/wp-json\/wp\/v2\/users\/10"}],"replies":[{"embeddable":true,"href":"https:\/\/billroth73.at\/index.php\/wp-json\/wp\/v2\/comments?post=7269"}],"version-history":[{"count":9,"href":"https:\/\/billroth73.at\/index.php\/wp-json\/wp\/v2\/posts\/7269\/revisions"}],"predecessor-version":[{"id":7280,"href":"https:\/\/billroth73.at\/index.php\/wp-json\/wp\/v2\/posts\/7269\/revisions\/7280"}],"wp:featuredmedia":[{"embeddable":true,"href":"https:\/\/billroth73.at\/index.php\/wp-json\/wp\/v2\/media\/7270"}],"wp:attachment":[{"href":"https:\/\/billroth73.at\/index.php\/wp-json\/wp\/v2\/media?parent=7269"}],"wp:term":[{"taxonomy":"category","embeddable":true,"href":"https:\/\/billroth73.at\/index.php\/wp-json\/wp\/v2\/categories?post=7269"},{"taxonomy":"post_tag","embeddable":true,"href":"https:\/\/billroth73.at\/index.php\/wp-json\/wp\/v2\/tags?post=7269"}],"curies":[{"name":"wp","href":"https:\/\/api.w.org\/{rel}","templated":true}]}}