{"id":6865,"date":"2020-08-31T11:48:30","date_gmt":"2020-08-31T09:48:30","guid":{"rendered":"https:\/\/billroth73.at\/?p=6865"},"modified":"2020-09-02T11:49:23","modified_gmt":"2020-09-02T09:49:23","slug":"prof-ingrid-hofbauer-beendet-ihre-taetigkeit","status":"publish","type":"post","link":"https:\/\/billroth73.at\/index.php\/2020\/08\/31\/prof-ingrid-hofbauer-beendet-ihre-taetigkeit\/","title":{"rendered":"Prof. Ingrid Hofbauer beendet ihre T\u00e4tigkeit"},"content":{"rendered":"<p>[vc_row][vc_column width=&#8220;2\/3&#8243;][vc_custom_heading text=&#8220;Ich \u00fcber mich &#8211; so der Wunsch des Homepage-Redakteurs. Le voil\u00e0, mon texte des adieux.<br \/>\nIm September 1985, bald nach Schulbeginn, wurde ich ans GRG 19 gerufen, um als Probelehrerin zwei Latein-Klassen zu \u00fcbernehmen.<br \/>\nBald unterrichtete ich meine drei F\u00e4cher, Latein, Franz\u00f6sisch und Spanisch im Wahlpflichtfach. Es war mir immer wichtig zu zeigen, wie sehr es sich auszahlt, eine Sprache zu lernen und wie sehr das schon erworbene Sprachwissen beim Sprung in die n\u00e4chste Sprache hilft. Im Kopf eines jeden Sch\u00fclers, jede und jeder ein Sprachexperte, sollte sich ein immer dichter gekn\u00fcpftes Netz an Vokabeln und Strukturen bilden und Lust machen, Neues auch intuitiv zu erfassen. Im Wahlpflichtfach, sp\u00e4ter in den Wahlkursen, sch\u00e4tzte ich sehr den Freiraum, ohne Schularbeiten viel mehr als nur Sprache unterrichten zu k\u00f6nnen und auf unterschiedliche Weise die Kulturen der L\u00e4nder zu veranschaulichen. So ist z.B. mein Motto: Die Liebe zu einem Land geht durch den Magen. Wir kochten tapas, tacos, guacamole, paellas, cr\u00eapes etc\u2026<br \/>\nDie Zeit der Schulentwicklung war f\u00fcr mich eine besonders spannende Erfahrung. Es ging ja darum, nicht einfach Verordnungen und Erl\u00e4sse, wie normalerweise, umzusetzen, sondern eigene neue Spielregeln zu erfinden, um Lernen f\u00fcr unsere Sch\u00fcler attraktiver zu gestalten und individueller zu erm\u00f6glichen. Ich selbst packte vieles neu an und unterrichtete in den Wahlkursen franz\u00f6sische Literatur, Film, Chansons, La France sur Internet, wie es im Normalunterricht nie m\u00f6glich gewesen w\u00e4re.<br \/>\nIch habe meine Sprachen sehr gern unterrichtet, viele Auslandsaufenthalte und Austauschprogramme organisiert. Nachdem wir schlie\u00dflich den Weg zur neuen Matura zur\u00fcckgelegt hatten und alle Themenpools mit neuen Maturaaufgaben gef\u00fcllt waren, entstand die Idee, f\u00fcr unsere Sch\u00fcler ein Schulbuch zu schreiben. Das Buch, das ich gemeinsam mit Frau Prof. Eder und Julie Rochette aus Paris geschrieben habe, ist eine Einladung an alle Franz\u00f6sisch-Sch\u00fcler Franz\u00f6sisch mit Freude und Leichtigkeit sprechen zu lernen.<br \/>\nNeben meinem Unterricht habe ich so manche Tage der offenen T\u00fcr, Schulfeste, Aktionstage, Maturafeiern und die Adventfeiern mitorganisiert. Das Projekt, das mir besonders am Herzen liegt, ist Estrella del Mar, das Gesundheitshaus in Nicaragua, das wir, die Schulgemeinschaft des GRG 19, durch gemeinsames Engagement errichtet haben und dessen Betrieb wir seit 2007 nachhaltig unterst\u00fctzen.<br \/>\nMuchas gracias, grand merci an alle KollegInnen, Sch\u00fclerInnen und Eltern f\u00fcr so viel gute Zusammenarbeit und gemeinsames Tun! F\u00fcr mich war es eine gute, eine sehr gute Zeit!<br \/>\nIch w\u00fcnsche Ihnen und euch allen ein erfolgreiches und m\u00f6glichst normales neues Schuljahr!<br \/>\nBonne route \u00e0 vous tous<\/p>\n<p>Ingrid Hofbauer&#8220; font_container=&#8220;tag:h2|font_size:15px|text_align:left|line_height:30px&#8220; use_theme_fonts=&#8220;yes&#8220;][\/vc_column][vc_column width=&#8220;1\/3&#8243;][vc_single_image image=&#8220;6866&#8243; img_size=&#8220;full&#8220;][\/vc_column][\/vc_row]<\/p>\n","protected":false},"excerpt":{"rendered":"<p>[vc_row][vc_column width=&#8220;2\/3&#8243;][vc_custom_heading text=&#8220;Ich \u00fcber mich &#8211; so der Wunsch des Homepage-Redakteurs. Le voil\u00e0, mon texte des adieux. Im September 1985, bald nach Schulbeginn, wurde ich ans GRG 19 gerufen, um als Probelehrerin zwei Latein-Klassen zu \u00fcbernehmen. Bald unterrichtete ich meine drei F\u00e4cher, Latein, Franz\u00f6sisch und Spanisch im Wahlpflichtfach. Es war mir immer wichtig zu zeigen,&hellip;<\/p>\n","protected":false},"author":10,"featured_media":6866,"comment_status":"closed","ping_status":"closed","sticky":false,"template":"","format":"standard","meta":{"footnotes":"","_links_to":"","_links_to_target":""},"categories":[1],"tags":[],"class_list":["post-6865","post","type-post","status-publish","format-standard","has-post-thumbnail","hentry","category-allgemein","category-1","description-off"],"_links":{"self":[{"href":"https:\/\/billroth73.at\/index.php\/wp-json\/wp\/v2\/posts\/6865","targetHints":{"allow":["GET"]}}],"collection":[{"href":"https:\/\/billroth73.at\/index.php\/wp-json\/wp\/v2\/posts"}],"about":[{"href":"https:\/\/billroth73.at\/index.php\/wp-json\/wp\/v2\/types\/post"}],"author":[{"embeddable":true,"href":"https:\/\/billroth73.at\/index.php\/wp-json\/wp\/v2\/users\/10"}],"replies":[{"embeddable":true,"href":"https:\/\/billroth73.at\/index.php\/wp-json\/wp\/v2\/comments?post=6865"}],"version-history":[{"count":1,"href":"https:\/\/billroth73.at\/index.php\/wp-json\/wp\/v2\/posts\/6865\/revisions"}],"predecessor-version":[{"id":6867,"href":"https:\/\/billroth73.at\/index.php\/wp-json\/wp\/v2\/posts\/6865\/revisions\/6867"}],"wp:featuredmedia":[{"embeddable":true,"href":"https:\/\/billroth73.at\/index.php\/wp-json\/wp\/v2\/media\/6866"}],"wp:attachment":[{"href":"https:\/\/billroth73.at\/index.php\/wp-json\/wp\/v2\/media?parent=6865"}],"wp:term":[{"taxonomy":"category","embeddable":true,"href":"https:\/\/billroth73.at\/index.php\/wp-json\/wp\/v2\/categories?post=6865"},{"taxonomy":"post_tag","embeddable":true,"href":"https:\/\/billroth73.at\/index.php\/wp-json\/wp\/v2\/tags?post=6865"}],"curies":[{"name":"wp","href":"https:\/\/api.w.org\/{rel}","templated":true}]}}